{"id":411,"date":"2015-02-04T21:03:15","date_gmt":"2015-02-04T21:03:15","guid":{"rendered":"http:\/\/www.majory-cubizolles.fr\/blog\/?p=411"},"modified":"2015-02-04T21:03:15","modified_gmt":"2015-02-04T21:03:15","slug":"le-profil-du-e-commercant-des-tpepme","status":"publish","type":"post","link":"https:\/\/www.majory-cubizolles.fr\/blog\/le-profil-du-e-commercant-des-tpepme\/","title":{"rendered":"Le profil du e-commer\u00e7ant des TPE\/PME"},"content":{"rendered":"<p><a href=\"http:\/\/www.oxatis.com\" target=\"_blank\">Oxatis<\/a> a r\u00e9alis\u00e9 une infographie \u00e0 partir d\u2019une \u00e9tude r\u00e9alis\u00e9e sur 3000 e-commer\u00e7ants et 411 r\u00e9pondants sur d\u00e9cembre 2014.<\/p>\n<p>En 2014, <strong>9 300 marchands actifs<\/strong> ont vu le jour, ce qui porte \u00e0 <strong>157.300 le nombre d&rsquo;e-commer\u00e7ants<\/strong> en France, selon la FEVAD. Selon le barom\u00e8tre Oxatis-KPMG, 14.000 de ces nouveaux sites enregistrent moins de 100 transactions par an.<\/p>\n<p>&#8212;&#8212;&#8212;<\/p>\n<h2><span style=\"color: #339966;\">1) Le profil type e-commer\u00e7ant des TPE\/PME<\/span><\/h2>\n<p>&#8211; 37% des dirigeants des sites marchands sont des femmes (contre 25% dans les entreprises),<br \/>\n&#8211; le TOP 3 des secteurs d&rsquo;activit\u00e9 en ligne : Maison\/Jardin (12%),\u00a0 Beaut\u00e9 (11,6%) et Mode (11,6%),<br \/>\n&#8211; ils sont de plus en plus pr\u00e9sents dans zones rurales, avec 56% dans les communes de moins de 20 000 habitants.<\/p>\n<p><!--more--><\/p>\n<h2><span style=\"color: #339966;\">2) Le e-commerce cr\u00e9e des emplois directs et indirects<\/span><\/h2>\n<p>En effet, 11 000 emplois ont \u00e9t\u00e9 cr\u00e9\u00e9e en 2014, 7% des TPE -PME de l&rsquo;e-commerce ont d\u00e9clar\u00e9 avoir embauch\u00e9.<\/p>\n<p>Il pourrait repr\u00e9senter 30 000 emplois en 2015 et 19% d&rsquo;exploitants de site pr\u00e9voit d&#8217;embaucher en 2015<\/p>\n<h2><span style=\"color: #339966;\">3) Les TPE -PME de l&rsquo;e-commerce restent encore r\u00e9ticents aux publicit\u00e9s payantes<\/span><\/h2>\n<p>61% des e-commer\u00e7ants, plus de la moiti\u00e9, n&rsquo;utilisent pas les outils payants de Google.<\/p>\n<p>Ils pr\u00e9f\u00e8rent utiliser d&rsquo;autres leviers comme le r\u00e9f\u00e9rencement naturel, l\u2019utilisation des moteurs de shopping, l&rsquo;e-mailing<\/p>\n<h2><span style=\"color: #339966;\">4) Les canaux de ventes les plus exploit\u00e9s<\/span><\/h2>\n<p>26% des e-commer\u00e7ants passent par les places de march\u00e9s. Pour la premi\u00e8re fois, Amazon passe devant ebay.<\/p>\n<h2><span style=\"color: #339966;\">5) Les e-commer\u00e7ants et le mobile<\/span><\/h2>\n<p>Ils sont nombreux \u00e0 s&rsquo;adapter aux nouvelles\u00a0 technologies puisque 72% d&rsquo;entre eux disposent d\u2019une boutique mobile et 71%\u00a0 y ont enregistr\u00e9 des ventes qui repr\u00e9sentent d\u00e9j\u00e0 plus de 5% du CA global pour 44% d&rsquo;entre eux.<\/p>\n<h2><span style=\"color: #339966;\">5) Les e-commer\u00e7ants et les magasins traditionnels<\/span><\/h2>\n<p>Pour 51% d&rsquo;entre eux, les sites en ligne ont une r\u00e9percussion positive sur les magasins traditionnels<br \/>\n&#8211; 58 % d\u2019entre eux ont vu une progression de leur chiffre d\u2019affaires sur les ventes physiques,<br \/>\n&#8211; pour 52 %, une augmentation de la fr\u00e9quentation dans leur magasin ,<br \/>\n&#8211; pour 55 % d\u2019entre eux cela a permis de mieux cerner leur client\u00e8le.<\/p>\n<h2><span style=\"color: #339966;\">6) Les e-commer\u00e7ants et l&rsquo;international<\/span><\/h2>\n<p>Selon Ubifrance, seulement 8 % des PME en France exportent alors que 52% des e-commer\u00e7ants des TPE\/PME exportent.<\/p>\n<p>Ils exportent principalement dans les pays frontaliers comme la Belgique, l&rsquo;Allemagne, l&rsquo;Italie, l&rsquo;Espagne et le Royaume-Uni.<\/p>\n<p><a href=\"http:\/\/www.majory-cubizolles.fr\/blog\/wp-content\/uploads\/2015\/02\/2523130-infographie-le-profil-type-du-petit-e-commercant-evolue.jpg\"><img decoding=\"async\" loading=\"lazy\" class=\"alignnone size-full wp-image-419\" src=\"http:\/\/www.majory-cubizolles.fr\/blog\/wp-content\/uploads\/2015\/02\/2523130-infographie-le-profil-type-du-petit-e-commercant-evolue.jpg\" alt=\"Le profil du e-commer\u00e7ant des TPE\/PME\" width=\"750\" height=\"2926\" srcset=\"https:\/\/www.majory-cubizolles.fr\/blog\/wp-content\/uploads\/2015\/02\/2523130-infographie-le-profil-type-du-petit-e-commercant-evolue.jpg 750w, https:\/\/www.majory-cubizolles.fr\/blog\/wp-content\/uploads\/2015\/02\/2523130-infographie-le-profil-type-du-petit-e-commercant-evolue-77x300.jpg 77w, https:\/\/www.majory-cubizolles.fr\/blog\/wp-content\/uploads\/2015\/02\/2523130-infographie-le-profil-type-du-petit-e-commercant-evolue-624x2434.jpg 624w\" sizes=\"(max-width: 750px) 100vw, 750px\" \/><\/a><\/p>\n<!-- Begin Yuzo --><div class='yuzo_related_post style-2'  data-version='5.12.88'><!-- without result --><div class='yuzo_clearfixed yuzo__title yuzo__title'><h2>Articles similaires<\/h2><\/div>\n\t\t\t\t\t\t<div class=\"relatedthumb yuzo-list  \" style=\"\"  >  \n\t\t\t\t\t\t  <a  href=\"https:\/\/www.majory-cubizolles.fr\/blog\/ajouter-le-drapeau-du-pays-dans-le-bloc-langues-astuce-prestashop\/\" class=\"image-list\" target='_blank' >\n\t\t\t\t\t\t  <div class=\"yuzo-img-wrap \" style=\"width: 185px;height:150px;\">\n\t\t\t\t\t\t\t\t\t\n\t\t\t\t\t\t\t\t\t <div class=\"yuzo-img\" style=\"background:url('https:\/\/www.majory-cubizolles.fr\/blog\/wp-content\/uploads\/2016\/07\/wsi-imageoptim-bloclanguages-400x249.jpg') 50% 50% no-repeat;width: 190px;height:150px;margin-bottom: 5px;background-size:  cover;  \"><\/div>\n\t\t\t\t\t\t  <\/div>\n\t\t\t\t\t\t  <\/a>\n\t\t\t\t\t\t  <a  class=\"link-list yuzo__text--title\" href=\"https:\/\/www.majory-cubizolles.fr\/blog\/ajouter-le-drapeau-du-pays-dans-le-bloc-langues-astuce-prestashop\/\" style=\"font-size:15px;font-weight:bold;;line-height:23px;\"> Ajouter le drapeau du pays dans le bloc langues |  Astuce Prestashop 1.6  <div class='yuzo_views_post yuzo_icon_views yuzo_icon_views__bottom' style='font-size:13px;'>views 3974<\/div><\/a>\n\t\t\t\t\t\t\t\t<span class=\"yuzo_text\" style=\"font-size:11px;\" >Vous d\u00e9sirez ins\u00e9rer le drapeau du pays des langues que vous avez choisies pour votre site e-commerce. L'astuce est simple et rapide.\r\n\r\nValable pour Prestashop 1.6.\r\n\r\n-------------------\r\n\r\n\r\n\r\n1) Ouvrez le fichier\u00a0blocklanguages.tpl qui se situe dans themes > lenomdevotretheme > modules >\u00a0blocklanguages > blocklanguages.tpl.\r\n\r\nIl va falloir ins\u00e9rer ce code \u00e0 deux endroits. \u00a0Par d\u00e9f...<\/span>\n\t\t\t\t\t\t   \n\t\t\t\t\t\t<\/div>\n\t\t\t\t\t\t<div class=\"relatedthumb yuzo-list  \" style=\"\"  >  \n\t\t\t\t\t\t  <a  href=\"https:\/\/www.majory-cubizolles.fr\/blog\/les-bases-du-referencement-en-une-infographie\/\" class=\"image-list\" target='_blank' >\n\t\t\t\t\t\t  <div class=\"yuzo-img-wrap \" style=\"width: 185px;height:150px;\">\n\t\t\t\t\t\t\t\t\t\n\t\t\t\t\t\t\t\t\t <div class=\"yuzo-img\" style=\"background:url('https:\/\/www.majory-cubizolles.fr\/blog\/wp-content\/uploads\/2015\/02\/header-300x170.png') 50% 50% no-repeat;width: 190px;height:150px;margin-bottom: 5px;background-size:  cover;  \"><\/div>\n\t\t\t\t\t\t  <\/div>\n\t\t\t\t\t\t  <\/a>\n\t\t\t\t\t\t  <a  class=\"link-list yuzo__text--title\" href=\"https:\/\/www.majory-cubizolles.fr\/blog\/les-bases-du-referencement-en-une-infographie\/\" style=\"font-size:15px;font-weight:bold;;line-height:23px;\"> Les bases du r\u00e9f\u00e9rencement de son site internet | Infographie  <div class='yuzo_views_post yuzo_icon_views yuzo_icon_views__bottom' style='font-size:13px;'>views 136<\/div><\/a>\n\t\t\t\t\t\t\t\t<span class=\"yuzo_text\" style=\"font-size:11px;\" >Quand on d\u00e9cide d'\u00e9crire un blog ou de cr\u00e9er un site Internet, c'est rarement pour \u00eatre lu uniquement par soi-m\u00eame\u00a0, on aimerait le promouvoir afin que d'autres personnes puissent\u00a0profiter\u00a0du\u00a0contenu.\r\n\r\nCette infographie,\u00a0r\u00e9alis\u00e9e par\u00a0Klood, permet de faire\u00a0une petite piqure de rappel sur les bases du\u00a0r\u00e9f\u00e9rencement de son site internet.\r\n\r\n---------\r\n\r\n12 points \u00e0 prendre en compte:\r\n\r\n\t1) Le tit...<\/span>\n\t\t\t\t\t\t   \n\t\t\t\t\t\t<\/div>\n\t\t\t\t\t\t<div class=\"relatedthumb yuzo-list  \" style=\"\"  >  \n\t\t\t\t\t\t  <a  href=\"https:\/\/www.majory-cubizolles.fr\/blog\/configurer-le-mode-multi-boutique-dans-prestashop-1-6-1-7\/\" class=\"image-list\" target='_blank' >\n\t\t\t\t\t\t  <div class=\"yuzo-img-wrap \" style=\"width: 185px;height:150px;\">\n\t\t\t\t\t\t\t\t\t\n\t\t\t\t\t\t\t\t\t <div class=\"yuzo-img\" style=\"background:url('https:\/\/www.majory-cubizolles.fr\/blog\/wp-content\/uploads\/2018\/01\/multi-boutique-prestashop-400x249.jpg') 50% 50% no-repeat;width: 190px;height:150px;margin-bottom: 5px;background-size:  cover;  \"><\/div>\n\t\t\t\t\t\t  <\/div>\n\t\t\t\t\t\t  <\/a>\n\t\t\t\t\t\t  <a  class=\"link-list yuzo__text--title\" href=\"https:\/\/www.majory-cubizolles.fr\/blog\/configurer-le-mode-multi-boutique-dans-prestashop-1-6-1-7\/\" style=\"font-size:15px;font-weight:bold;;line-height:23px;\"> Configurer le mode multi-boutique dans PrestaShop 1.6 & 1.7  <div class='yuzo_views_post yuzo_icon_views yuzo_icon_views__bottom' style='font-size:13px;'>views 25604<\/div><\/a>\n\t\t\t\t\t\t\t\t<span class=\"yuzo_text\" style=\"font-size:11px;\" >A NOTER : malheureusement \u00e0 ce jour, il existe encore pas mal de bugs avec la version 1.7 (la derni\u00e8re 1.7.6 ne r\u00e9gle pas tous les probl\u00e8mes)\r\nQu\u2019est ce que la multi-boutique ?\r\nLa multi-boutique est un groupe de boutiques qui partage la m\u00eame administration. Vous pouvez donc g\u00e9rer plusieurs boutiques avec un m\u00eame back-office PrestaShop.\r\nPour qui ?\r\n\r\n \tdes commer\u00e7ants qui d\u00e9sirent faire du B2B ( ...<\/span>\n\t\t\t\t\t\t   \n\t\t\t\t\t\t<\/div>\n\t\t\t\t\t\t<div class=\"relatedthumb yuzo-list  \" style=\"\"  >  \n\t\t\t\t\t\t  <a  href=\"https:\/\/www.majory-cubizolles.fr\/blog\/quel-est-le-parcours-de-lacheteur-francais-infographie\/\" class=\"image-list\" target='_blank' >\n\t\t\t\t\t\t  <div class=\"yuzo-img-wrap \" style=\"width: 185px;height:150px;\">\n\t\t\t\t\t\t\t\t\t\n\t\t\t\t\t\t\t\t\t <div class=\"yuzo-img\" style=\"background:url('https:\/\/www.majory-cubizolles.fr\/blog\/wp-content\/uploads\/2016\/07\/wsi-imageoptim-Capture-d\u2019\u00e9cran-2015-09-06-\u00e0-20.28.02-400x249.jpg') 50% 50% no-repeat;width: 190px;height:150px;margin-bottom: 5px;background-size:  cover;  \"><\/div>\n\t\t\t\t\t\t  <\/div>\n\t\t\t\t\t\t  <\/a>\n\t\t\t\t\t\t  <a  class=\"link-list yuzo__text--title\" href=\"https:\/\/www.majory-cubizolles.fr\/blog\/quel-est-le-parcours-de-lacheteur-francais-infographie\/\" style=\"font-size:15px;font-weight:bold;;line-height:23px;\"> Quel est le parcours de l\u2019acheteur fran\u00e7ais ? | Infographie  <div class='yuzo_views_post yuzo_icon_views yuzo_icon_views__bottom' style='font-size:13px;'>views 435<\/div><\/a>\n\t\t\t\t\t\t\t\t<span class=\"yuzo_text\" style=\"font-size:11px;\" >Selon cette infographie, le parcours de l'acheteur fran\u00e7ais se d\u00e9roulent en 5 \u00e9tapes :\r\n\r\n1) J'ai envie d'acheter,\r\n2) Je m'informe\r\n3) Je compare le produit\r\n4) J'ach\u00e8te\r\n5) Je paie\r\n\r\n\r\n\r\n<\/span>\n\t\t\t\t\t\t   \n\t\t\t\t\t\t<\/div>\n\t\t\t\t\t\t<div class=\"relatedthumb yuzo-list  \" style=\"\"  >  \n\t\t\t\t\t\t  <a  href=\"https:\/\/www.majory-cubizolles.fr\/blog\/afficher-categories-page-categorie-prestashop-1-7\/\" class=\"image-list\" target='_blank' >\n\t\t\t\t\t\t  <div class=\"yuzo-img-wrap \" style=\"width: 185px;height:150px;\">\n\t\t\t\t\t\t\t\t\t\n\t\t\t\t\t\t\t\t\t <div class=\"yuzo-img\" style=\"background:url('https:\/\/www.majory-cubizolles.fr\/blog\/wp-content\/uploads\/2017\/02\/sous-categorie-prestashop-400x249.jpg') 50% 50% no-repeat;width: 190px;height:150px;margin-bottom: 5px;background-size:  cover;  \"><\/div>\n\t\t\t\t\t\t  <\/div>\n\t\t\t\t\t\t  <\/a>\n\t\t\t\t\t\t  <a  class=\"link-list yuzo__text--title\" href=\"https:\/\/www.majory-cubizolles.fr\/blog\/afficher-categories-page-categorie-prestashop-1-7\/\" style=\"font-size:15px;font-weight:bold;;line-height:23px;\"> Afficher les sous-cat\u00e9gories sur la page cat\u00e9gorie | Prestashop 1.7  <div class='yuzo_views_post yuzo_icon_views yuzo_icon_views__bottom' style='font-size:13px;'>views 10453<\/div><\/a>\n\t\t\t\t\t\t\t\t<span class=\"yuzo_text\" style=\"font-size:11px;\" >Vous l'avez peut-\u00eatre constat\u00e9 mais sur la version Prestashop 1.7, les sous-cat\u00e9gories ne s'affichent pas sur les pages cat\u00e9gories comme sur Prestashop 1.6.\r\n\r\nVoici un petit tutoriel, qui vous permettra de les faire\u00a0appara\u00eetre\u00a0rapidement.\r\nComment ins\u00e9rer les sous-cat\u00e9gories sur la page cat\u00e9gorie ?\r\nEtape 1: Ouvrir le fichier category.tpl qui se situe dans ..\/themes\/nomdevotretheme\/templates\/cata...<\/span>\n\t\t\t\t\t\t   \n\t\t\t\t\t\t<\/div>\n<\/div>  <!-- End Yuzo :) -->","protected":false},"excerpt":{"rendered":"<p>Oxatis a r\u00e9alis\u00e9 une infographie \u00e0 partir d\u2019une \u00e9tude r\u00e9alis\u00e9e sur 3000 e-commer\u00e7ants et 411 r\u00e9pondants sur d\u00e9cembre 2014. En 2014, 9 300 marchands actifs ont vu le jour, ce qui porte \u00e0 157.300 le nombre d&rsquo;e-commer\u00e7ants en France, selon la FEVAD. Selon le barom\u00e8tre Oxatis-KPMG, 14.000 de ces nouveaux [&hellip;]<\/p>\n","protected":false},"author":1,"featured_media":0,"comment_status":"open","ping_status":"open","sticky":false,"template":"","format":"standard","meta":{"footnotes":""},"categories":[1],"tags":[],"aioseo_notices":[],"_links":{"self":[{"href":"https:\/\/www.majory-cubizolles.fr\/blog\/wp-json\/wp\/v2\/posts\/411"}],"collection":[{"href":"https:\/\/www.majory-cubizolles.fr\/blog\/wp-json\/wp\/v2\/posts"}],"about":[{"href":"https:\/\/www.majory-cubizolles.fr\/blog\/wp-json\/wp\/v2\/types\/post"}],"author":[{"embeddable":true,"href":"https:\/\/www.majory-cubizolles.fr\/blog\/wp-json\/wp\/v2\/users\/1"}],"replies":[{"embeddable":true,"href":"https:\/\/www.majory-cubizolles.fr\/blog\/wp-json\/wp\/v2\/comments?post=411"}],"version-history":[{"count":0,"href":"https:\/\/www.majory-cubizolles.fr\/blog\/wp-json\/wp\/v2\/posts\/411\/revisions"}],"wp:attachment":[{"href":"https:\/\/www.majory-cubizolles.fr\/blog\/wp-json\/wp\/v2\/media?parent=411"}],"wp:term":[{"taxonomy":"category","embeddable":true,"href":"https:\/\/www.majory-cubizolles.fr\/blog\/wp-json\/wp\/v2\/categories?post=411"},{"taxonomy":"post_tag","embeddable":true,"href":"https:\/\/www.majory-cubizolles.fr\/blog\/wp-json\/wp\/v2\/tags?post=411"}],"curies":[{"name":"wp","href":"https:\/\/api.w.org\/{rel}","templated":true}]}}