{"id":235,"date":"2015-01-08T21:18:25","date_gmt":"2015-01-08T21:18:25","guid":{"rendered":"http:\/\/www.majory-cubizolles.fr\/blog\/?p=235"},"modified":"2015-07-06T19:19:14","modified_gmt":"2015-07-06T19:19:14","slug":"un-petit-point-sur-les-reseaux-sociaux","status":"publish","type":"post","link":"https:\/\/www.majory-cubizolles.fr\/blog\/un-petit-point-sur-les-reseaux-sociaux\/","title":{"rendered":"Un petit point sur les r\u00e9seaux sociaux"},"content":{"rendered":"<p>Cette \u00e9tude a \u00e9t\u00e9 r\u00e9alis\u00e9e en collaboration avec Ipsos \/ Steria. Certes, l&rsquo;\u00e9chantillon est assez faible (1000 personnes) mais les enseignements de l\u2019\u00e9tude sont pourtant int\u00e9ressants:<\/p>\n<p>&#8211; <strong>Facebook<\/strong> est connu par <span style=\"color: #800000;\">97%<\/span> des Fran\u00e7ais et plus de six Fran\u00e7ais sur dix poss\u00e8dent actuellement un compte.<\/p>\n<p>&#8211; <strong>Skype<\/strong>, connu par\u00a0 <span style=\"color: #800000;\">93%<\/span> des Fran\u00e7ais, se place en seconde position apr\u00e8s Facebook avec <span style=\"color: #800000;\">43%<\/span> d\u2019inscrits.<\/p>\n<p>&#8211; <strong>Twitter<\/strong> occupe la 3e place en terme de notori\u00e9t\u00e9 (<span style=\"color: #800000;\">91%)<\/span> mais seulement <span style=\"color: #800000;\">17%<\/span> des Fran\u00e7ais sont inscrits sur le r\u00e9seau. Il attire avant tout les adolescents et des jeunes adultes : 24% des 15-24 ans et 23% des 25-34 ans contre 14% des 35 ans et plus.<\/p>\n<p><!--more--><\/p>\n<p>&#8211; <strong>You tube<\/strong> est connu par <span style=\"color: #800000;\">93%<\/span> des Fran\u00e7ais et 31% y sont inscrits. Ce r\u00e9seau touche 52% des 15-24 ans et 43% des 25-34 ans, contre 24% des 35 ans et plus.<\/p>\n<p>&#8211;<strong> Google +<\/strong>, lanc\u00e9 en 2011 a du mal \u00e0 s&rsquo;imposer sur le march\u00e9, si 89% des Fran\u00e7ais le connaissent, un tiers seulement l\u2019utilise (<span style=\"color: #800000;\">32%<\/span>). Mais il est amen\u00e9 \u00e0 se d\u00e9velopper avec 14% des Fran\u00e7ais non inscrits qui se disent potentiellement int\u00e9ress\u00e9s.<\/p>\n<p>&#8212;&#8212;&#8212;<\/p>\n<p>On peut noter que les r\u00e9seaux sociaux sont devenus un outil indispensable pour la gestion de la relation client (acquisition de nouveaux clients, fid\u00e9lisation, SAV, gestion des insatisfactions, identification d\u2019insights\u2026).<\/p>\n<p>En effet,<\/p>\n<p>&#8211; <span style=\"color: #800000;\">23% des fran\u00e7ais<\/span> inscrits \u00e0 un r\u00e9seau social, suit l\u2019actualit\u00e9 des marques et des entreprises<br \/>\n&#8211; un tiers d\u2019entre eux ont d\u00e9j\u00e0 utilis\u00e9 cette voie pour exprimer une opinion favorable \u00e0 l\u2019\u00e9gard d\u2019une marque ou d\u2019une entreprise (30%) ou donner leur avis sur leurs exp\u00e9riences, visites ou achats en magasins (29%).<br \/>\n&#8211; <span style=\"color: #800000;\">un quart des Fran\u00e7ais<\/span> d\u00e9clare \u00e9galement qu\u2019ils ont d\u00e9j\u00e0 proc\u00e9d\u00e9 ainsi pour exprimer une insatisfaction \u00e0 propos d\u2019une marque ou d\u2019une entreprise.<\/p>\n<p>&#8212;&#8212;&#8212;&#8211;<\/p>\n<p>Pour conna\u00eetre tous les chiffres de l\u2019\u00e9tude, vous pouvez la consulter sur <a href=\"\/\/http:\/\/www.aura-mundi.fr\/actualite.php?id=86\" target=\"_blank\">Aura-Mundi.<\/a><\/p>\n<p><a href=\"http:\/\/www.majory-cubizolles.fr\/blog\/wp-content\/uploads\/2015\/01\/infographie-Les-re\u0301seaux-sociaux-Aura-Mundi-sur-culture-RP-550x2933.jpg\"><img decoding=\"async\" loading=\"lazy\" class=\"alignnone size-full wp-image-236\" src=\"http:\/\/www.majory-cubizolles.fr\/blog\/wp-content\/uploads\/2015\/01\/infographie-Les-re\u0301seaux-sociaux-Aura-Mundi-sur-culture-RP-550x2933.jpg\" alt=\"infographie-Les-re\u0301seaux-sociaux-Aura-Mundi-sur-culture-RP-550x2933\" width=\"550\" height=\"2933\" srcset=\"https:\/\/www.majory-cubizolles.fr\/blog\/wp-content\/uploads\/2015\/01\/infographie-Les-re\u0301seaux-sociaux-Aura-Mundi-sur-culture-RP-550x2933.jpg 550w, https:\/\/www.majory-cubizolles.fr\/blog\/wp-content\/uploads\/2015\/01\/infographie-Les-re\u0301seaux-sociaux-Aura-Mundi-sur-culture-RP-550x2933-56x300.jpg 56w, https:\/\/www.majory-cubizolles.fr\/blog\/wp-content\/uploads\/2015\/01\/infographie-Les-re\u0301seaux-sociaux-Aura-Mundi-sur-culture-RP-550x2933-192x1024.jpg 192w\" sizes=\"(max-width: 550px) 100vw, 550px\" \/><\/a><\/p>\n<!-- Begin Yuzo --><div class='yuzo_related_post style-2'  data-version='5.12.88'><!-- without result --><div class='yuzo_clearfixed yuzo__title yuzo__title'><h2>Articles similaires<\/h2><\/div>\n\t\t\t\t\t\t<div class=\"relatedthumb yuzo-list  \" style=\"\"  >  \n\t\t\t\t\t\t  <a  href=\"https:\/\/www.majory-cubizolles.fr\/blog\/7-ingredients-pour-une-landing-page-reussie-e-commerce\/\" class=\"image-list\" target='_blank' >\n\t\t\t\t\t\t  <div class=\"yuzo-img-wrap \" style=\"width: 185px;height:150px;\">\n\t\t\t\t\t\t\t\t\t\n\t\t\t\t\t\t\t\t\t <div class=\"yuzo-img\" style=\"background:url('https:\/\/www.majory-cubizolles.fr\/blog\/wp-content\/uploads\/2016\/07\/wsi-imageoptim-lendingpage-400x249.png') 50% 50% no-repeat;width: 190px;height:150px;margin-bottom: 5px;background-size:  cover;  \"><\/div>\n\t\t\t\t\t\t  <\/div>\n\t\t\t\t\t\t  <\/a>\n\t\t\t\t\t\t  <a  class=\"link-list yuzo__text--title\" href=\"https:\/\/www.majory-cubizolles.fr\/blog\/7-ingredients-pour-une-landing-page-reussie-e-commerce\/\" style=\"font-size:15px;font-weight:bold;;line-height:23px;\"> 7 ingr\u00e9dients pour une landing page r\u00e9ussie | E-commerce  <div class='yuzo_views_post yuzo_icon_views yuzo_icon_views__bottom' style='font-size:13px;'>views 393<\/div><\/a>\n\t\t\t\t\t\t\t\t<span class=\"yuzo_text\" style=\"font-size:11px;\" >Cette infographie, r\u00e9alis\u00e9 par\u00a0Raffles Media, met en avant 7 astuces qui va vous aider \u00e0 optimiser votre trafic\r\nQu'est une landing page ?\u00a0\r\nAussi connu sous le terme de \"page d'atterrissage\", il s'agit tout simplement de la page qui va accueillir le visiteur lors de sa visite sur votre site web.\r\nComment l'optimiser au mieux ?\u00a0\r\nD\u00e9sol\u00e9e de vous le dire mais aucune landing page est parfaite. Il ex...<\/span>\n\t\t\t\t\t\t   \n\t\t\t\t\t\t<\/div>\n\t\t\t\t\t\t<div class=\"relatedthumb yuzo-list  \" style=\"\"  >  \n\t\t\t\t\t\t  <a  href=\"https:\/\/www.majory-cubizolles.fr\/blog\/check-list-pour-bien-construire-sa-page-categorie-prestashop\/\" class=\"image-list\" target='_blank' >\n\t\t\t\t\t\t  <div class=\"yuzo-img-wrap \" style=\"width: 185px;height:150px;\">\n\t\t\t\t\t\t\t\t\t\n\t\t\t\t\t\t\t\t\t <div class=\"yuzo-img\" style=\"background:url('https:\/\/www.majory-cubizolles.fr\/blog\/wp-content\/uploads\/2021\/01\/check-list-page-categories-400x249.jpg') 50% 50% no-repeat;width: 190px;height:150px;margin-bottom: 5px;background-size:  cover;  \"><\/div>\n\t\t\t\t\t\t  <\/div>\n\t\t\t\t\t\t  <\/a>\n\t\t\t\t\t\t  <a  class=\"link-list yuzo__text--title\" href=\"https:\/\/www.majory-cubizolles.fr\/blog\/check-list-pour-bien-construire-sa-page-categorie-prestashop\/\" style=\"font-size:15px;font-weight:bold;;line-height:23px;\"> Check-list pour bien construire sa page cat\u00e9gorie PrestaShop  <div class='yuzo_views_post yuzo_icon_views yuzo_icon_views__bottom' style='font-size:13px;'>views 307<\/div><\/a>\n\t\t\t\t\t\t\t\t<span class=\"yuzo_text\" style=\"font-size:11px;\" >CHECK-LIST FICHE CATEGORIE\r\nVous avez install\u00e9 PrestaShop et maintenant vous d\u00e9sirez cr\u00e9er vos cat\u00e9gories. Je vous propose ici une check-list des diff\u00e9rentes informations que vous pouvez ins\u00e9rer dans le syst\u00e8me. Avant de cr\u00e9er vos fiches cat\u00e9gories, je vous conseille de bien penser \u00e0 la structure de votre site. En effet les cat\u00e9gories et sous-cat\u00e9gories vont avoir une influence sur votre menu, vos...<\/span>\n\t\t\t\t\t\t   \n\t\t\t\t\t\t<\/div>\n\t\t\t\t\t\t<div class=\"relatedthumb yuzo-list  \" style=\"\"  >  \n\t\t\t\t\t\t  <a  href=\"https:\/\/www.majory-cubizolles.fr\/blog\/comment-ameliorer-lexperience-utilisateur-de-votre-site-infographie\/\" class=\"image-list\" target='_blank' >\n\t\t\t\t\t\t  <div class=\"yuzo-img-wrap \" style=\"width: 185px;height:150px;\">\n\t\t\t\t\t\t\t\t\t\n\t\t\t\t\t\t\t\t\t <div class=\"yuzo-img\" style=\"background:url('https:\/\/www.majory-cubizolles.fr\/blog\/wp-content\/uploads\/2016\/07\/wsi-imageoptim-infographique_ergonomie-header-400x249.jpg') 50% 50% no-repeat;width: 190px;height:150px;margin-bottom: 5px;background-size:  cover;  \"><\/div>\n\t\t\t\t\t\t  <\/div>\n\t\t\t\t\t\t  <\/a>\n\t\t\t\t\t\t  <a  class=\"link-list yuzo__text--title\" href=\"https:\/\/www.majory-cubizolles.fr\/blog\/comment-ameliorer-lexperience-utilisateur-de-votre-site-infographie\/\" style=\"font-size:15px;font-weight:bold;;line-height:23px;\"> Comment am\u00e9liorer l\u2019exp\u00e9rience utilisateur de votre site | Infographie  <div class='yuzo_views_post yuzo_icon_views yuzo_icon_views__bottom' style='font-size:13px;'>views 194<\/div><\/a>\n\t\t\t\t\t\t\t\t<span class=\"yuzo_text\" style=\"font-size:11px;\" >Cette infographie met en avant les grands principes pour am\u00e9liorer l'exp\u00e9rience utilisateur.\r\n\r\nUne petite d\u00e9finition : l\u2019exp\u00e9rience utilisateur, c\u2019est l\u2019\u00e9motion ressentie par un utilisateur lorsqu\u2019il utilise un service (Web ou humain) dans l\u2019atteinte d\u2019un objectif.\r\n\r\nA noter :\r\n- 68% des utilisateurs quittent un site en raison d'une mauvaise exp\u00e9rience utilisateur.\r\n- 44% des acheteurs en ligne ...<\/span>\n\t\t\t\t\t\t   \n\t\t\t\t\t\t<\/div>\n\t\t\t\t\t\t<div class=\"relatedthumb yuzo-list  \" style=\"\"  >  \n\t\t\t\t\t\t  <a  href=\"https:\/\/www.majory-cubizolles.fr\/blog\/connaitre-les-modules-de-la-page-daccueil-astuce-prestashop\/\" class=\"image-list\" target='_blank' >\n\t\t\t\t\t\t  <div class=\"yuzo-img-wrap \" style=\"width: 185px;height:150px;\">\n\t\t\t\t\t\t\t\t\t\n\t\t\t\t\t\t\t\t\t <div class=\"yuzo-img\" style=\"background:url('https:\/\/www.majory-cubizolles.fr\/blog\/wp-content\/uploads\/2016\/07\/wsi-imageoptim-Capture-d\u2019\u00e9cran-2015-09-08-\u00e0-15.34.44-400x249.jpg') 50% 50% no-repeat;width: 190px;height:150px;margin-bottom: 5px;background-size:  cover;  \"><\/div>\n\t\t\t\t\t\t  <\/div>\n\t\t\t\t\t\t  <\/a>\n\t\t\t\t\t\t  <a  class=\"link-list yuzo__text--title\" href=\"https:\/\/www.majory-cubizolles.fr\/blog\/connaitre-les-modules-de-la-page-daccueil-astuce-prestashop\/\" style=\"font-size:15px;font-weight:bold;;line-height:23px;\"> Conna\u00eetre les modules de la page d\u2019accueil | Astuce Prestashop 1.6  <div class='yuzo_views_post yuzo_icon_views yuzo_icon_views__bottom' style='font-size:13px;'>views 17585<\/div><\/a>\n\t\t\t\t\t\t\t\t<span class=\"yuzo_text\" style=\"font-size:11px;\" >Vous avez install\u00e9 votre boutique Prestashop 1.6 et d\u00e9sirez modifier votre page d'accueil ?\u00a0Ce petit tuto va vous aider \u00e0 le faire en indiquant le nom du module que vous devez utiliser pour modifier votre slider, votre menu....\u00a0Ils sont facilement accessibles depuis votre back-office PrestaShop en cliquant sur l\u2019onglet \u00ab Modules et services \u00bb.\r\n\r\nSi vous d\u00e9sirez aussi modifier le fichier tpl ou cs...<\/span>\n\t\t\t\t\t\t   \n\t\t\t\t\t\t<\/div>\n\t\t\t\t\t\t<div class=\"relatedthumb yuzo-list  \" style=\"\"  >  \n\t\t\t\t\t\t  <a  href=\"https:\/\/www.majory-cubizolles.fr\/blog\/taille-des-images-du-theme-par-defaut-de-prestashop\/\" class=\"image-list\" target='_blank' >\n\t\t\t\t\t\t  <div class=\"yuzo-img-wrap \" style=\"width: 185px;height:150px;\">\n\t\t\t\t\t\t\t\t\t\n\t\t\t\t\t\t\t\t\t <div class=\"yuzo-img\" style=\"background:url('https:\/\/www.majory-cubizolles.fr\/blog\/wp-content\/uploads\/2016\/07\/wsi-imageoptim-images-demo1-657x3451-400x249.png') 50% 50% no-repeat;width: 190px;height:150px;margin-bottom: 5px;background-size:  cover;  \"><\/div>\n\t\t\t\t\t\t  <\/div>\n\t\t\t\t\t\t  <\/a>\n\t\t\t\t\t\t  <a  class=\"link-list yuzo__text--title\" href=\"https:\/\/www.majory-cubizolles.fr\/blog\/taille-des-images-du-theme-par-defaut-de-prestashop\/\" style=\"font-size:15px;font-weight:bold;;line-height:23px;\"> Taille des Images du th\u00e8me par d\u00e9faut de Prestashop 1.6  <div class='yuzo_views_post yuzo_icon_views yuzo_icon_views__bottom' style='font-size:13px;'>views 7023<\/div><\/a>\n\t\t\t\t\t\t\t\t<span class=\"yuzo_text\" style=\"font-size:11px;\" >Ce tutoriel va vous permettre de connaitre la taille des images du th\u00e8me par d\u00e9faut de Prestashop\r\n\r\nLa plupart des images\u00a0que vous t\u00e9l\u00e9chargez dans le back-office doivent \u00eatre enregistr\u00e9es au format .jpg ou .png. Attention pour activer le format png il faut aller dans Pr\u00e9f\u00e9rences > Images et dans la partie \"Options de g\u00e9n\u00e9ration d'images\", cochez dans format d'image :\u00a0Utiliser le PNG uniquemen...<\/span>\n\t\t\t\t\t\t   \n\t\t\t\t\t\t<\/div>\n<\/div>  <!-- End Yuzo :) -->","protected":false},"excerpt":{"rendered":"<p>Cette \u00e9tude a \u00e9t\u00e9 r\u00e9alis\u00e9e en collaboration avec Ipsos \/ Steria. Certes, l&rsquo;\u00e9chantillon est assez faible (1000 personnes) mais les enseignements de l\u2019\u00e9tude sont pourtant int\u00e9ressants: &#8211; Facebook est connu par 97% des Fran\u00e7ais et plus de six Fran\u00e7ais sur dix poss\u00e8dent actuellement un compte. &#8211; Skype, connu par\u00a0 93% [&hellip;]<\/p>\n","protected":false},"author":1,"featured_media":0,"comment_status":"open","ping_status":"open","sticky":false,"template":"","format":"standard","meta":{"footnotes":""},"categories":[10],"tags":[],"aioseo_notices":[],"_links":{"self":[{"href":"https:\/\/www.majory-cubizolles.fr\/blog\/wp-json\/wp\/v2\/posts\/235"}],"collection":[{"href":"https:\/\/www.majory-cubizolles.fr\/blog\/wp-json\/wp\/v2\/posts"}],"about":[{"href":"https:\/\/www.majory-cubizolles.fr\/blog\/wp-json\/wp\/v2\/types\/post"}],"author":[{"embeddable":true,"href":"https:\/\/www.majory-cubizolles.fr\/blog\/wp-json\/wp\/v2\/users\/1"}],"replies":[{"embeddable":true,"href":"https:\/\/www.majory-cubizolles.fr\/blog\/wp-json\/wp\/v2\/comments?post=235"}],"version-history":[{"count":0,"href":"https:\/\/www.majory-cubizolles.fr\/blog\/wp-json\/wp\/v2\/posts\/235\/revisions"}],"wp:attachment":[{"href":"https:\/\/www.majory-cubizolles.fr\/blog\/wp-json\/wp\/v2\/media?parent=235"}],"wp:term":[{"taxonomy":"category","embeddable":true,"href":"https:\/\/www.majory-cubizolles.fr\/blog\/wp-json\/wp\/v2\/categories?post=235"},{"taxonomy":"post_tag","embeddable":true,"href":"https:\/\/www.majory-cubizolles.fr\/blog\/wp-json\/wp\/v2\/tags?post=235"}],"curies":[{"name":"wp","href":"https:\/\/api.w.org\/{rel}","templated":true}]}}