{"id":198,"date":"2015-01-06T22:07:14","date_gmt":"2015-01-06T22:07:14","guid":{"rendered":"http:\/\/www.majory-cubizolles.fr\/blog\/?p=198"},"modified":"2015-02-01T19:20:22","modified_gmt":"2015-02-01T19:20:22","slug":"5-profils-de-cyberconsommateurs","status":"publish","type":"post","link":"https:\/\/www.majory-cubizolles.fr\/blog\/5-profils-de-cyberconsommateurs\/","title":{"rendered":"5 profils de cyberconsommateurs"},"content":{"rendered":"<p><strong>Soon Soon Soon a d\u00e9crypt\u00e9 cinq profils de shoppers :<\/strong><\/p>\n<p>&#8211; le \u00ab\u00a0Vigi-Shopper\u00a0\u00bb ou le watcher qui repr\u00e9sente 35% de la population<\/p>\n<p>&#8211; le \u00ab\u00a0Slow-Shopper\u00a0\u00bb ou le careshopper qui repr\u00e9sente 14% de la population<\/p>\n<p>&#8211; le \u00ab\u00a0Social-Shopper\u00a0\u00bb ou l&rsquo;influenceur qui repr\u00e9sente 7% de la population<\/p>\n<p><!--more--><\/p>\n<p>&#8211; \u00ab\u00a0l&rsquo;Emo-shopper\u00a0\u00bb ou le \u00ab\u00a0Whaou-addict\u00a0\u00bb qui repr\u00e9sente 12% de la population<\/p>\n<p>&#8211; l&rsquo;Alter-Shopper ou le norm-cor qui repr\u00e9sente 32% de la population<\/p>\n<p>&nbsp;<\/p>\n<p><a href=\"http:\/\/www.majory-cubizolles.fr\/blog\/wp-content\/uploads\/2015\/01\/887b8d481e31a6069d851de8ac486663.jpg\"><img decoding=\"async\" loading=\"lazy\" class=\"alignnone size-full wp-image-199\" src=\"http:\/\/www.majory-cubizolles.fr\/blog\/wp-content\/uploads\/2015\/01\/887b8d481e31a6069d851de8ac486663.jpg\" alt=\"profil cyberconsomateur\" width=\"736\" height=\"1476\" srcset=\"https:\/\/www.majory-cubizolles.fr\/blog\/wp-content\/uploads\/2015\/01\/887b8d481e31a6069d851de8ac486663.jpg 736w, https:\/\/www.majory-cubizolles.fr\/blog\/wp-content\/uploads\/2015\/01\/887b8d481e31a6069d851de8ac486663-150x300.jpg 150w, https:\/\/www.majory-cubizolles.fr\/blog\/wp-content\/uploads\/2015\/01\/887b8d481e31a6069d851de8ac486663-511x1024.jpg 511w, https:\/\/www.majory-cubizolles.fr\/blog\/wp-content\/uploads\/2015\/01\/887b8d481e31a6069d851de8ac486663-624x1251.jpg 624w\" sizes=\"(max-width: 736px) 100vw, 736px\" \/><\/a><\/p>\n<!-- Begin Yuzo --><div class='yuzo_related_post style-2'  data-version='5.12.88'><!-- without result --><div class='yuzo_clearfixed yuzo__title yuzo__title'><h2>Articles similaires<\/h2><\/div>\n\t\t\t\t\t\t<div class=\"relatedthumb yuzo-list  \" style=\"\"  >  \n\t\t\t\t\t\t  <a  href=\"https:\/\/www.majory-cubizolles.fr\/blog\/les-tendances-e-commerce-de-2015-en-infographie\/\" class=\"image-list\" target='_blank' >\n\t\t\t\t\t\t  <div class=\"yuzo-img-wrap \" style=\"width: 185px;height:150px;\">\n\t\t\t\t\t\t\t\t\t\n\t\t\t\t\t\t\t\t\t <div class=\"yuzo-img\" style=\"background:url('https:\/\/www.majory-cubizolles.fr\/blog\/wp-content\/uploads\/2015\/02\/Fr-Infographie-ecommerce-20151-300x187.jpg') 50% 50% no-repeat;width: 190px;height:150px;margin-bottom: 5px;background-size:  cover;  \"><\/div>\n\t\t\t\t\t\t  <\/div>\n\t\t\t\t\t\t  <\/a>\n\t\t\t\t\t\t  <a  class=\"link-list yuzo__text--title\" href=\"https:\/\/www.majory-cubizolles.fr\/blog\/les-tendances-e-commerce-de-2015-en-infographie\/\" style=\"font-size:15px;font-weight:bold;;line-height:23px;\"> LES TENDANCES E-COMMERCE DE 2015 EN INFOGRAPHIE  <div class='yuzo_views_post yuzo_icon_views yuzo_icon_views__bottom' style='font-size:13px;'>views 222<\/div><\/a>\n\t\t\t\t\t\t\t\t<span class=\"yuzo_text\" style=\"font-size:11px;\" >Cette infographie, r\u00e9alis\u00e9e par Webloyalty, met en avant\u00a0 les tendances du e-commerce en France en 2015.\r\n\r\nQuelques chiffres :\r\n\u2013 8 Fran\u00e7ais sur 10 feront leurs achats en ligne,\r\n\u2013 81% d\u2019entre eux ach\u00e8teront au moins 1 fois tous les deux mois sur un site e-commerce,\r\n\u2013 38% des Fran\u00e7ais pr\u00e9voient de d\u00e9penser entre 100\u20ac et 500\u20ac en ligne et 16% moins de 100\u20ac. Par rapport \u00e0 2014, 58% pr\u00e9voient de d\u00e9p...<\/span>\n\t\t\t\t\t\t   \n\t\t\t\t\t\t<\/div>\n\t\t\t\t\t\t<div class=\"relatedthumb yuzo-list  \" style=\"\"  >  \n\t\t\t\t\t\t  <a  href=\"https:\/\/www.majory-cubizolles.fr\/blog\/quelle-est-la-longueur-ideale-de-vos-publications-sur-les-reseaux-sociaux-infographie\/\" class=\"image-list\" target='_blank' >\n\t\t\t\t\t\t  <div class=\"yuzo-img-wrap \" style=\"width: 185px;height:150px;\">\n\t\t\t\t\t\t\t\t\t\n\t\t\t\t\t\t\t\t\t <div class=\"yuzo-img\" style=\"background:url('https:\/\/www.majory-cubizolles.fr\/blog\/wp-content\/uploads\/2016\/07\/wsi-imageoptim-social-media-length-header-400x249.jpg') 50% 50% no-repeat;width: 190px;height:150px;margin-bottom: 5px;background-size:  cover;  \"><\/div>\n\t\t\t\t\t\t  <\/div>\n\t\t\t\t\t\t  <\/a>\n\t\t\t\t\t\t  <a  class=\"link-list yuzo__text--title\" href=\"https:\/\/www.majory-cubizolles.fr\/blog\/quelle-est-la-longueur-ideale-de-vos-publications-sur-les-reseaux-sociaux-infographie\/\" style=\"font-size:15px;font-weight:bold;;line-height:23px;\"> Quelle est la longueur id\u00e9ale de vos publications sur les r\u00e9seaux sociaux | Infographie  <div class='yuzo_views_post yuzo_icon_views yuzo_icon_views__bottom' style='font-size:13px;'>views 167<\/div><\/a>\n\t\t\t\t\t\t\t\t<span class=\"yuzo_text\" style=\"font-size:11px;\" >SumAll et Buffer pr\u00e9sente\u00a0une infographie sur la longueur id\u00e9ale de vos publications sur les r\u00e9seaux sociaux\r\n\r\nQuel doit \u00eatre la longueur id\u00e9ale d\u2019un post sur Facebook, d'une vid\u00e9o You Tube, d'un post sur Tweeter ? Quels en sont les cons\u00e9quences ?\r\n\r\n\r\n<\/span>\n\t\t\t\t\t\t   \n\t\t\t\t\t\t<\/div>\n\t\t\t\t\t\t<div class=\"relatedthumb yuzo-list  \" style=\"\"  >  \n\t\t\t\t\t\t  <a  href=\"https:\/\/www.majory-cubizolles.fr\/blog\/lenteur-enregistrement-produit-bo-1-6-0-11\/\" class=\"image-list\" target='_blank' >\n\t\t\t\t\t\t  <div class=\"yuzo-img-wrap \" style=\"width: 185px;height:150px;\">\n\t\t\t\t\t\t\t\t\t\n\t\t\t\t\t\t\t\t\t <div class=\"yuzo-img\" style=\"background:url('http:\/\/www.majory-cubizolles.fr\/blog\/wp-content\/uploads\/2015\/03\/Capture-d\u2019e\u0301cran-2015-03-01-a\u0300-15.52.06.png') 50% 50% no-repeat;width: 190px;height:150px;margin-bottom: 5px;background-size:  cover;  \"><\/div>\n\t\t\t\t\t\t  <\/div>\n\t\t\t\t\t\t  <\/a>\n\t\t\t\t\t\t  <a  class=\"link-list yuzo__text--title\" href=\"https:\/\/www.majory-cubizolles.fr\/blog\/lenteur-enregistrement-produit-bo-1-6-0-11\/\" style=\"font-size:15px;font-weight:bold;;line-height:23px;\"> Lenteur Enregistrement Produit BO 1.6.0.11  <div class='yuzo_views_post yuzo_icon_views yuzo_icon_views__bottom' style='font-size:13px;'>views 1952<\/div><\/a>\n\t\t\t\t\t\t\t\t<span class=\"yuzo_text\" style=\"font-size:11px;\" >Vous avez t\u00e9l\u00e9charg\u00e9 la version Prestashop 1.6.011 et l\u00e0 grand probl\u00e8me lorsqu'on acc\u00e8de \u00e0 la fiche produit on s'aper\u00e7oit que les boutons \"enregistrer et rester\" et \"enregistrer\" sont gris\u00e9s avec un logo de chargement et il faut attendre un bon moment pour qu'ils deviennent actifs.\r\n\r\n\r\n\r\n\r\n\r\nApr\u00e8s plusieurs recherches, j'ai trouv\u00e9 la solution qui a fonctionn\u00e9 gr\u00e2ce \u00e0 sandrocirlin, un membre du fo...<\/span>\n\t\t\t\t\t\t   \n\t\t\t\t\t\t<\/div>\n\t\t\t\t\t\t<div class=\"relatedthumb yuzo-list  \" style=\"\"  >  \n\t\t\t\t\t\t  <a  href=\"https:\/\/www.majory-cubizolles.fr\/blog\/connaitre-les-modules-de-la-page-daccueil-astuce-prestashop\/\" class=\"image-list\" target='_blank' >\n\t\t\t\t\t\t  <div class=\"yuzo-img-wrap \" style=\"width: 185px;height:150px;\">\n\t\t\t\t\t\t\t\t\t\n\t\t\t\t\t\t\t\t\t <div class=\"yuzo-img\" style=\"background:url('https:\/\/www.majory-cubizolles.fr\/blog\/wp-content\/uploads\/2016\/07\/wsi-imageoptim-Capture-d\u2019\u00e9cran-2015-09-08-\u00e0-15.34.44-400x249.jpg') 50% 50% no-repeat;width: 190px;height:150px;margin-bottom: 5px;background-size:  cover;  \"><\/div>\n\t\t\t\t\t\t  <\/div>\n\t\t\t\t\t\t  <\/a>\n\t\t\t\t\t\t  <a  class=\"link-list yuzo__text--title\" href=\"https:\/\/www.majory-cubizolles.fr\/blog\/connaitre-les-modules-de-la-page-daccueil-astuce-prestashop\/\" style=\"font-size:15px;font-weight:bold;;line-height:23px;\"> Conna\u00eetre les modules de la page d\u2019accueil | Astuce Prestashop 1.6  <div class='yuzo_views_post yuzo_icon_views yuzo_icon_views__bottom' style='font-size:13px;'>views 17583<\/div><\/a>\n\t\t\t\t\t\t\t\t<span class=\"yuzo_text\" style=\"font-size:11px;\" >Vous avez install\u00e9 votre boutique Prestashop 1.6 et d\u00e9sirez modifier votre page d'accueil ?\u00a0Ce petit tuto va vous aider \u00e0 le faire en indiquant le nom du module que vous devez utiliser pour modifier votre slider, votre menu....\u00a0Ils sont facilement accessibles depuis votre back-office PrestaShop en cliquant sur l\u2019onglet \u00ab Modules et services \u00bb.\r\n\r\nSi vous d\u00e9sirez aussi modifier le fichier tpl ou cs...<\/span>\n\t\t\t\t\t\t   \n\t\t\t\t\t\t<\/div>\n\t\t\t\t\t\t<div class=\"relatedthumb yuzo-list  \" style=\"\"  >  \n\t\t\t\t\t\t  <a  href=\"https:\/\/www.majory-cubizolles.fr\/blog\/ameliorer-son-referencement-naturel-en-2015-infographie\/\" class=\"image-list\" target='_blank' >\n\t\t\t\t\t\t  <div class=\"yuzo-img-wrap \" style=\"width: 185px;height:150px;\">\n\t\t\t\t\t\t\t\t\t\n\t\t\t\t\t\t\t\t\t <div class=\"yuzo-img\" style=\"background:url('https:\/\/www.majory-cubizolles.fr\/blog\/wp-content\/uploads\/2016\/07\/wsi-imageoptim-Capture-d\u2019\u00e9cran-2015-07-15-\u00e0-14.40.17-400x249.jpg') 50% 50% no-repeat;width: 190px;height:150px;margin-bottom: 5px;background-size:  cover;  \"><\/div>\n\t\t\t\t\t\t  <\/div>\n\t\t\t\t\t\t  <\/a>\n\t\t\t\t\t\t  <a  class=\"link-list yuzo__text--title\" href=\"https:\/\/www.majory-cubizolles.fr\/blog\/ameliorer-son-referencement-naturel-en-2015-infographie\/\" style=\"font-size:15px;font-weight:bold;;line-height:23px;\"> Am\u00e9liorer son r\u00e9f\u00e9rencement naturel en 2015 | Infographie  <div class='yuzo_views_post yuzo_icon_views yuzo_icon_views__bottom' style='font-size:13px;'>views 145<\/div><\/a>\n\t\t\t\t\t\t\t\t<span class=\"yuzo_text\" style=\"font-size:11px;\" >Cette infographie, r\u00e9alis\u00e9 par SEOMIX,\u00a0r\u00e9sume les derni\u00e8res actualit\u00e9s et les principaux\u00a0crit\u00e8res SEO qui pourraient vous aider \u00e0 am\u00e9liorer votre r\u00e9f\u00e9rencement naturel afin d'accroitre la visibilit\u00e9 sur votre site web.\r\n\r\n\r\n1) Les actualit\u00e9s SEO en 2015 :\r\n- Google Phantom,\r\n- Le Mobile Friendly de Google,\r\n- Les nouveaut\u00e9s schema.org,\r\n- Sites en HTTPS\r\n2) Les points importants pour am\u00e9liorer vot...<\/span>\n\t\t\t\t\t\t   \n\t\t\t\t\t\t<\/div>\n<\/div>  <!-- End Yuzo :) -->","protected":false},"excerpt":{"rendered":"<p>Soon Soon Soon a d\u00e9crypt\u00e9 cinq profils de shoppers : &#8211; le \u00ab\u00a0Vigi-Shopper\u00a0\u00bb ou le watcher qui repr\u00e9sente 35% de la population &#8211; le \u00ab\u00a0Slow-Shopper\u00a0\u00bb ou le careshopper qui repr\u00e9sente 14% de la population &#8211; le \u00ab\u00a0Social-Shopper\u00a0\u00bb ou l&rsquo;influenceur qui repr\u00e9sente 7% de la population Articles similaires 15% de r\u00e9duction [&hellip;]<\/p>\n","protected":false},"author":1,"featured_media":0,"comment_status":"open","ping_status":"open","sticky":false,"template":"","format":"standard","meta":{"footnotes":""},"categories":[1],"tags":[],"aioseo_notices":[],"_links":{"self":[{"href":"https:\/\/www.majory-cubizolles.fr\/blog\/wp-json\/wp\/v2\/posts\/198"}],"collection":[{"href":"https:\/\/www.majory-cubizolles.fr\/blog\/wp-json\/wp\/v2\/posts"}],"about":[{"href":"https:\/\/www.majory-cubizolles.fr\/blog\/wp-json\/wp\/v2\/types\/post"}],"author":[{"embeddable":true,"href":"https:\/\/www.majory-cubizolles.fr\/blog\/wp-json\/wp\/v2\/users\/1"}],"replies":[{"embeddable":true,"href":"https:\/\/www.majory-cubizolles.fr\/blog\/wp-json\/wp\/v2\/comments?post=198"}],"version-history":[{"count":0,"href":"https:\/\/www.majory-cubizolles.fr\/blog\/wp-json\/wp\/v2\/posts\/198\/revisions"}],"wp:attachment":[{"href":"https:\/\/www.majory-cubizolles.fr\/blog\/wp-json\/wp\/v2\/media?parent=198"}],"wp:term":[{"taxonomy":"category","embeddable":true,"href":"https:\/\/www.majory-cubizolles.fr\/blog\/wp-json\/wp\/v2\/categories?post=198"},{"taxonomy":"post_tag","embeddable":true,"href":"https:\/\/www.majory-cubizolles.fr\/blog\/wp-json\/wp\/v2\/tags?post=198"}],"curies":[{"name":"wp","href":"https:\/\/api.w.org\/{rel}","templated":true}]}}