{"id":1069,"date":"2015-08-03T11:36:54","date_gmt":"2015-08-03T11:36:54","guid":{"rendered":"http:\/\/www.majory-cubizolles.fr\/blog\/?p=1069"},"modified":"2015-08-03T11:36:54","modified_gmt":"2015-08-03T11:36:54","slug":"comment-bien-poster-sur-facebook-infographie","status":"publish","type":"post","link":"https:\/\/www.majory-cubizolles.fr\/blog\/comment-bien-poster-sur-facebook-infographie\/","title":{"rendered":"Comment bien poster sur Facebook | Infographie"},"content":{"rendered":"<p>Cette infographie, vous montre comment publier efficacement sur FacebooK.<\/p>\n<p><!--more--><\/p>\n<p><a href=\"http:\/\/www.majory-cubizolles.fr\/blog\/wp-content\/uploads\/2015\/07\/Comment-Publier-Efficacement-sur-Facebook.jpg\"><img decoding=\"async\" loading=\"lazy\" class=\"alignnone size-full wp-image-1070\" src=\"http:\/\/www.majory-cubizolles.fr\/blog\/wp-content\/uploads\/2015\/07\/Comment-Publier-Efficacement-sur-Facebook.jpg\" alt=\"Comment Publier Efficacement sur Facebook\" width=\"736\" height=\"2022\" srcset=\"https:\/\/www.majory-cubizolles.fr\/blog\/wp-content\/uploads\/2015\/07\/Comment-Publier-Efficacement-sur-Facebook.jpg 736w, https:\/\/www.majory-cubizolles.fr\/blog\/wp-content\/uploads\/2015\/07\/Comment-Publier-Efficacement-sur-Facebook-109x300.jpg 109w, https:\/\/www.majory-cubizolles.fr\/blog\/wp-content\/uploads\/2015\/07\/Comment-Publier-Efficacement-sur-Facebook-373x1024.jpg 373w, https:\/\/www.majory-cubizolles.fr\/blog\/wp-content\/uploads\/2015\/07\/Comment-Publier-Efficacement-sur-Facebook-624x1714.jpg 624w\" sizes=\"(max-width: 736px) 100vw, 736px\" \/><\/a><\/p>\n<!-- Begin Yuzo --><div class='yuzo_related_post style-2'  data-version='5.12.88'><!-- without result --><div class='yuzo_clearfixed yuzo__title yuzo__title'><h2>Articles similaires<\/h2><\/div>\n\t\t\t\t\t\t<div class=\"relatedthumb yuzo-list  \" style=\"\"  >  \n\t\t\t\t\t\t  <a  href=\"https:\/\/www.majory-cubizolles.fr\/blog\/le-e-commerce-en-france-en-2015-infographie\/\" class=\"image-list\" target='_blank' >\n\t\t\t\t\t\t  <div class=\"yuzo-img-wrap \" style=\"width: 185px;height:150px;\">\n\t\t\t\t\t\t\t\t\t\n\t\t\t\t\t\t\t\t\t <div class=\"yuzo-img\" style=\"background:url('https:\/\/www.majory-cubizolles.fr\/blog\/wp-content\/uploads\/2016\/07\/wsi-imageoptim-Capture-d\u2019\u00e9cran-2015-07-15-\u00e0-14.58.48-400x249.jpg') 50% 50% no-repeat;width: 190px;height:150px;margin-bottom: 5px;background-size:  cover;  \"><\/div>\n\t\t\t\t\t\t  <\/div>\n\t\t\t\t\t\t  <\/a>\n\t\t\t\t\t\t  <a  class=\"link-list yuzo__text--title\" href=\"https:\/\/www.majory-cubizolles.fr\/blog\/le-e-commerce-en-france-en-2015-infographie\/\" style=\"font-size:15px;font-weight:bold;;line-height:23px;\"> Le e-commerce en france en 2015 | infographie  <div class='yuzo_views_post yuzo_icon_views yuzo_icon_views__bottom' style='font-size:13px;'>views 136<\/div><\/a>\n\t\t\t\t\t\t\t\t<span class=\"yuzo_text\" style=\"font-size:11px;\" >Cette infographie, r\u00e9alis\u00e9 par\u00a0\u00e9cole WIS, met en avant les chiffres cl\u00e9s du e-commerce et du m-commerce en France.\r\n\r\n\r\n\r\n1) \u00a0Les chiffres cl\u00e9s en 2014 :\r\n- 57 milliards d\u2019euros d\u2019achats en ligne,\r\n- 157 300 sites e-commerce existants,\r\n- 81 euros par transaction en moyenne\r\n\r\n2) Les produits les plus achet\u00e9s sont issus des domaines de \r\n- l\u2019habillement,\r\n- la culture,\r\n- le tourisme,\r\n- l\u2019\u00e9lectro...<\/span>\n\t\t\t\t\t\t   \n\t\t\t\t\t\t<\/div>\n\t\t\t\t\t\t<div class=\"relatedthumb yuzo-list  \" style=\"\"  >  \n\t\t\t\t\t\t  <a  href=\"https:\/\/www.majory-cubizolles.fr\/blog\/comment-creer-des-pages-produit-qui-convertissent-sur-son-e-commerce\/\" class=\"image-list\" target='_blank' >\n\t\t\t\t\t\t  <div class=\"yuzo-img-wrap \" style=\"width: 185px;height:150px;\">\n\t\t\t\t\t\t\t\t\t\n\t\t\t\t\t\t\t\t\t <div class=\"yuzo-img\" style=\"background:url('https:\/\/www.majory-cubizolles.fr\/blog\/wp-content\/uploads\/2016\/02\/1-400x249.jpg') 50% 50% no-repeat;width: 190px;height:150px;margin-bottom: 5px;background-size:  cover;  \"><\/div>\n\t\t\t\t\t\t  <\/div>\n\t\t\t\t\t\t  <\/a>\n\t\t\t\t\t\t  <a  class=\"link-list yuzo__text--title\" href=\"https:\/\/www.majory-cubizolles.fr\/blog\/comment-creer-des-pages-produit-qui-convertissent-sur-son-e-commerce\/\" style=\"font-size:15px;font-weight:bold;;line-height:23px;\"> Comment cr\u00e9er des pages produit qui convertissent sur son e-commerce ?  <div class='yuzo_views_post yuzo_icon_views yuzo_icon_views__bottom' style='font-size:13px;'>views 319<\/div><\/a>\n\t\t\t\t\t\t\t\t<span class=\"yuzo_text\" style=\"font-size:11px;\" >La page produit est une page importante \u00e0 prendre \u00e0 compte. Il ne faut pas oublier de les optimiser afin d'augmenter vos conversions\r\n\r\nCette infographie, r\u00e9alis\u00e9e par\u00a0Content Square,\u00a0montre comment optimiser l'ergonomie et le design, comment rendre la page plus performante, et comment la personnaliser.\r\n\r\n\r\n\r\n<\/span>\n\t\t\t\t\t\t   \n\t\t\t\t\t\t<\/div>\n\t\t\t\t\t\t<div class=\"relatedthumb yuzo-list  \" style=\"\"  >  \n\t\t\t\t\t\t  <a  href=\"https:\/\/www.majory-cubizolles.fr\/blog\/infographie-tout-ce-quil-faut-savoir-sur-le-referencement-naturel\/\" class=\"image-list\" target='_blank' >\n\t\t\t\t\t\t  <div class=\"yuzo-img-wrap \" style=\"width: 185px;height:150px;\">\n\t\t\t\t\t\t\t\t\t\n\t\t\t\t\t\t\t\t\t <div class=\"yuzo-img\" style=\"background:url('https:\/\/www.majory-cubizolles.fr\/blog\/wp-content\/uploads\/2016\/07\/wsi-imageoptim-Capture-d\u2019\u00e9cran-2015-08-27-\u00e0-15.56.56-400x249.jpg') 50% 50% no-repeat;width: 190px;height:150px;margin-bottom: 5px;background-size:  cover;  \"><\/div>\n\t\t\t\t\t\t  <\/div>\n\t\t\t\t\t\t  <\/a>\n\t\t\t\t\t\t  <a  class=\"link-list yuzo__text--title\" href=\"https:\/\/www.majory-cubizolles.fr\/blog\/infographie-tout-ce-quil-faut-savoir-sur-le-referencement-naturel\/\" style=\"font-size:15px;font-weight:bold;;line-height:23px;\"> Infographie : tout ce qu\u2019il faut savoir sur le r\u00e9f\u00e9rencement naturel  <div class='yuzo_views_post yuzo_icon_views yuzo_icon_views__bottom' style='font-size:13px;'>views 182<\/div><\/a>\n\t\t\t\t\t\t\t\t<span class=\"yuzo_text\" style=\"font-size:11px;\" >Cette infographie, r\u00e9alis\u00e9 par SeoMix, met en avant les points important pour am\u00e9liorer votre r\u00e9f\u00e9rencement naturel :\r\n\r\n\r\n\r\n Les conseils SEO 2015 de l'agence SeoMixwww.seomix.fr<\/span>\n\t\t\t\t\t\t   \n\t\t\t\t\t\t<\/div>\n\t\t\t\t\t\t<div class=\"relatedthumb yuzo-list  \" style=\"\"  >  \n\t\t\t\t\t\t  <a  href=\"https:\/\/www.majory-cubizolles.fr\/blog\/quelle-est-la-longueur-ideale-de-vos-publications-sur-les-reseaux-sociaux-infographie\/\" class=\"image-list\" target='_blank' >\n\t\t\t\t\t\t  <div class=\"yuzo-img-wrap \" style=\"width: 185px;height:150px;\">\n\t\t\t\t\t\t\t\t\t\n\t\t\t\t\t\t\t\t\t <div class=\"yuzo-img\" style=\"background:url('https:\/\/www.majory-cubizolles.fr\/blog\/wp-content\/uploads\/2016\/07\/wsi-imageoptim-social-media-length-header-400x249.jpg') 50% 50% no-repeat;width: 190px;height:150px;margin-bottom: 5px;background-size:  cover;  \"><\/div>\n\t\t\t\t\t\t  <\/div>\n\t\t\t\t\t\t  <\/a>\n\t\t\t\t\t\t  <a  class=\"link-list yuzo__text--title\" href=\"https:\/\/www.majory-cubizolles.fr\/blog\/quelle-est-la-longueur-ideale-de-vos-publications-sur-les-reseaux-sociaux-infographie\/\" style=\"font-size:15px;font-weight:bold;;line-height:23px;\"> Quelle est la longueur id\u00e9ale de vos publications sur les r\u00e9seaux sociaux | Infographie  <div class='yuzo_views_post yuzo_icon_views yuzo_icon_views__bottom' style='font-size:13px;'>views 167<\/div><\/a>\n\t\t\t\t\t\t\t\t<span class=\"yuzo_text\" style=\"font-size:11px;\" >SumAll et Buffer pr\u00e9sente\u00a0une infographie sur la longueur id\u00e9ale de vos publications sur les r\u00e9seaux sociaux\r\n\r\nQuel doit \u00eatre la longueur id\u00e9ale d\u2019un post sur Facebook, d'une vid\u00e9o You Tube, d'un post sur Tweeter ? Quels en sont les cons\u00e9quences ?\r\n\r\n\r\n<\/span>\n\t\t\t\t\t\t   \n\t\t\t\t\t\t<\/div>\n\t\t\t\t\t\t<div class=\"relatedthumb yuzo-list  \" style=\"\"  >  \n\t\t\t\t\t\t  <a  href=\"https:\/\/www.majory-cubizolles.fr\/blog\/ajouter-reseaux-sociaux-page-daccueil-prestashop-1-7\/\" class=\"image-list\" target='_blank' >\n\t\t\t\t\t\t  <div class=\"yuzo-img-wrap \" style=\"width: 185px;height:150px;\">\n\t\t\t\t\t\t\t\t\t\n\t\t\t\t\t\t\t\t\t <div class=\"yuzo-img\" style=\"background:url('https:\/\/www.majory-cubizolles.fr\/blog\/wp-content\/uploads\/2017\/01\/ajouter-reseaux-sociaux-accueil-prestashop-400x249.jpg') 50% 50% no-repeat;width: 190px;height:150px;margin-bottom: 5px;background-size:  cover;  \"><\/div>\n\t\t\t\t\t\t  <\/div>\n\t\t\t\t\t\t  <\/a>\n\t\t\t\t\t\t  <a  class=\"link-list yuzo__text--title\" href=\"https:\/\/www.majory-cubizolles.fr\/blog\/ajouter-reseaux-sociaux-page-daccueil-prestashop-1-7\/\" style=\"font-size:15px;font-weight:bold;;line-height:23px;\"> Ajouter les r\u00e9seaux sociaux sur la page d\u2019accueil | Prestashop 1.7  <div class='yuzo_views_post yuzo_icon_views yuzo_icon_views__bottom' style='font-size:13px;'>views 8006<\/div><\/a>\n\t\t\t\t\t\t\t\t<span class=\"yuzo_text\" style=\"font-size:11px;\" >Contrairement \u00e0 Prestashop 1.6, les r\u00e9seaux sociaux sur votre page d'accueil ne s'affichent pas automatiquement.\r\n\r\nCe petit tutorial va vous permettre de les configurer et de les faire appara\u00eetre sur la version Prestashop 1.7.\r\n\r\n\r\nConfigurer les r\u00e9seaux sur la page d'accueil | version Prestashop 1.7\r\nA) Depuis le back-office de Prestashop, allez dans Modules > Modules & Services\u00a0\r\n\r\n\r\n\r\nB...<\/span>\n\t\t\t\t\t\t   \n\t\t\t\t\t\t<\/div>\n<\/div>  <!-- End Yuzo :) -->","protected":false},"excerpt":{"rendered":"<p>Cette infographie, vous montre comment publier efficacement sur FacebooK. Articles similaires Ajouter des tabs dans une page cms | Astuce Prestashop 1.6 views 1490 Ce tutorial va vous permettre d&rsquo;ins\u00e9rer des tabs dans vos pages cms Astuce Prestashop 1.6 &#8212;&#8212;&#8212;&#8212;&#8212;&#8212;&#8212;&#8212;&#8212;&#8212;&#8212;&#8212;&#8211; 1) Ins\u00e9rer une tab horizontal sur la page cms de [&hellip;]<\/p>\n","protected":false},"author":1,"featured_media":1071,"comment_status":"open","ping_status":"open","sticky":false,"template":"","format":"standard","meta":{"footnotes":""},"categories":[10],"tags":[],"aioseo_notices":[],"_links":{"self":[{"href":"https:\/\/www.majory-cubizolles.fr\/blog\/wp-json\/wp\/v2\/posts\/1069"}],"collection":[{"href":"https:\/\/www.majory-cubizolles.fr\/blog\/wp-json\/wp\/v2\/posts"}],"about":[{"href":"https:\/\/www.majory-cubizolles.fr\/blog\/wp-json\/wp\/v2\/types\/post"}],"author":[{"embeddable":true,"href":"https:\/\/www.majory-cubizolles.fr\/blog\/wp-json\/wp\/v2\/users\/1"}],"replies":[{"embeddable":true,"href":"https:\/\/www.majory-cubizolles.fr\/blog\/wp-json\/wp\/v2\/comments?post=1069"}],"version-history":[{"count":0,"href":"https:\/\/www.majory-cubizolles.fr\/blog\/wp-json\/wp\/v2\/posts\/1069\/revisions"}],"wp:featuredmedia":[{"embeddable":true,"href":"https:\/\/www.majory-cubizolles.fr\/blog\/wp-json\/wp\/v2\/media\/1071"}],"wp:attachment":[{"href":"https:\/\/www.majory-cubizolles.fr\/blog\/wp-json\/wp\/v2\/media?parent=1069"}],"wp:term":[{"taxonomy":"category","embeddable":true,"href":"https:\/\/www.majory-cubizolles.fr\/blog\/wp-json\/wp\/v2\/categories?post=1069"},{"taxonomy":"post_tag","embeddable":true,"href":"https:\/\/www.majory-cubizolles.fr\/blog\/wp-json\/wp\/v2\/tags?post=1069"}],"curies":[{"name":"wp","href":"https:\/\/api.w.org\/{rel}","templated":true}]}}